{"id":3497,"date":"2019-06-25T01:53:55","date_gmt":"2019-06-24T23:53:55","guid":{"rendered":"http:\/\/www.dpsg-ulm.de\/wordpress\/?p=3497"},"modified":"2019-06-27T00:27:53","modified_gmt":"2019-06-26T22:27:53","slug":"72-stunden-und-es-bleibt-ein-danke","status":"publish","type":"post","link":"https:\/\/www.dpsg-ulm.de\/wordpress\/2019\/06\/25\/72-stunden-und-es-bleibt-ein-danke\/","title":{"rendered":"72 Stunden &#8211; und es bleibt ein Danke!"},"content":{"rendered":"<p>Hallo,<\/p>\n<p>1 Monat nach der 72-Stunden Aktion melde ich mich nun doch noch einmal &#8211; denn am vorgestrigen Sonntag waren alle Aktionsgruppen des Dekanats Ehingen &#8211; Ulm (und damit auch wir) ins Ulmer &#8222;Roxy&#8220; eingeladen worden. Diese Einladung war nicht grundlos, denn alle Aktionsgruppen hatten sich mit ihrer 72 Stunden Aufgabe m\u00e4chtig ins Zeug gelegt und ein solches Engagement sollte belohnt werden!<\/p>\n<p>F\u00fcr unseren Stamm waren Johannes, Christian und ich vor Ort. Bereits bei der Ankunft erklangen funkyige sommerliche Kl\u00e4nge einer Liveband und str\u00f6mten mir entgegen. Nach einer allgemeinen Begr\u00fc\u00dfung durch Julia, der Dekanatsjugendreferentin des BDKJ und &#8222;Stoppi und Bine&#8220;-den beiden Maskottchen der Aktion- wurde das leckere Buffet er\u00f6ffnet, welches durch einen der Sponsoren gro\u00dfz\u00fcgigerweise zur Verf\u00fcgung gestellt wurde.<\/p>\n<p>Auch Ulms Oberb\u00fcrgermeister Gunter Czisch, weilte in seiner Funktion als Schirmherr f\u00fcr das Dekanat unter den G\u00e4sten und freute sich sichtlich \u00fcber seinen gr\u00fcnen 72-Stunden Schirm. Das Arbeitswerkzeug eines Schirmherrs sozusagen. \ud83d\ude00<\/p>\n<p>Nachdem sich alle mit Maultaschen und Kartoffelsalat gest\u00e4rkt hatten, wurden alle Gruppen auf der B\u00fchne in 5 Kategorien aufgerufen um einen Dankespreis und die Dankesurkunde in Empfang zu nehmen. Die &#8222;Jupfis gegen Hunger&#8220; wurden in der Kategorie &#8222;Hei\u00dfeste Gruppe&#8220; bedacht.<\/p>\n<p>Nach der Preisverleihung war das Dankesfest beendet und wir schw\u00e4rmten gl\u00fccklich nach Hause zur\u00fcck.<\/p>\n<p>Wir bedanken uns auch beim Jugendr<a class=\"ngg-fancybox\" title=\" \" href=\"https:\/\/www.dpsg-ulm.de\/wordpress\/wp-content\/gallery\/72-stunden-2019\/20190623_192541.jpg\" target=\"_blank\" rel=\"noopener noreferrer\" data-image-id=\"416\" data-src=\"https:\/\/www.dpsg-ulm.de\/wordpress\/wp-content\/gallery\/72-stunden-2019\/20190623_192541.jpg\" data-thumbnail=\"https:\/\/www.dpsg-ulm.de\/wordpress\/wp-content\/gallery\/72-stunden-2019\/thumbs\/thumbs_20190623_192541.jpg\" data-title=\"20190623_192541\" data-description=\" \"><img loading=\"lazy\" decoding=\"async\" class=\"ngg-singlepic ngg-none alignleft\" src=\"https:\/\/www.dpsg-ulm.de\/wordpress\/wp-content\/gallery\/72-stunden-2019\/thumbs\/thumbs_20190623_192541.jpg\" alt=\"20190623_192541\" width=\"240\" height=\"160\"><\/a>eferat f\u00fcr die Auszeichnung!<\/p>\n","protected":false},"excerpt":{"rendered":"<p>Hallo, 1 Monat nach der 72-Stunden Aktion melde ich mich nun doch noch einmal &#8211; denn am vorgestrigen Sonntag waren alle Aktionsgruppen des Dekanats Ehingen &#8211; Ulm (und damit auch wir) ins Ulmer &#8222;Roxy&#8220; eingeladen worden. Diese Einladung war nicht grundlos, denn alle Aktionsgruppen hatten sich mit ihrer 72 Stunden Aufgabe m\u00e4chtig ins Zeug gelegt&#8230;<\/p>\n","protected":false},"author":3,"featured_media":0,"comment_status":"open","ping_status":"open","sticky":false,"template":"","format":"standard","meta":{"ngg_post_thumbnail":0,"footnotes":""},"categories":[20],"tags":[],"class_list":["post-3497","post","type-post","status-publish","format-standard","hentry","category-72-stunden-blog"],"_links":{"self":[{"href":"https:\/\/www.dpsg-ulm.de\/wordpress\/wp-json\/wp\/v2\/posts\/3497","targetHints":{"allow":["GET"]}}],"collection":[{"href":"https:\/\/www.dpsg-ulm.de\/wordpress\/wp-json\/wp\/v2\/posts"}],"about":[{"href":"https:\/\/www.dpsg-ulm.de\/wordpress\/wp-json\/wp\/v2\/types\/post"}],"author":[{"embeddable":true,"href":"https:\/\/www.dpsg-ulm.de\/wordpress\/wp-json\/wp\/v2\/users\/3"}],"replies":[{"embeddable":true,"href":"https:\/\/www.dpsg-ulm.de\/wordpress\/wp-json\/wp\/v2\/comments?post=3497"}],"version-history":[{"count":2,"href":"https:\/\/www.dpsg-ulm.de\/wordpress\/wp-json\/wp\/v2\/posts\/3497\/revisions"}],"predecessor-version":[{"id":3508,"href":"https:\/\/www.dpsg-ulm.de\/wordpress\/wp-json\/wp\/v2\/posts\/3497\/revisions\/3508"}],"wp:attachment":[{"href":"https:\/\/www.dpsg-ulm.de\/wordpress\/wp-json\/wp\/v2\/media?parent=3497"}],"wp:term":[{"taxonomy":"category","embeddable":true,"href":"https:\/\/www.dpsg-ulm.de\/wordpress\/wp-json\/wp\/v2\/categories?post=3497"},{"taxonomy":"post_tag","embeddable":true,"href":"https:\/\/www.dpsg-ulm.de\/wordpress\/wp-json\/wp\/v2\/tags?post=3497"}],"curies":[{"name":"wp","href":"https:\/\/api.w.org\/{rel}","templated":true}]}}