{"id":3433,"date":"2019-06-02T05:48:05","date_gmt":"2019-06-02T03:48:05","guid":{"rendered":"http:\/\/www.dpsg-ulm.de\/wordpress\/?p=3433"},"modified":"2019-06-25T07:37:41","modified_gmt":"2019-06-25T05:37:41","slug":"das-grosse-finale","status":"publish","type":"post","link":"https:\/\/www.dpsg-ulm.de\/wordpress\/2019\/06\/02\/das-grosse-finale\/","title":{"rendered":"Das gro\u00dfe Finale"},"content":{"rendered":"<p>Endlich! Der Tag der Wahrheit war gekommen!<\/p>\n<p>Gespannt standen die Jungpfadfinder auf und begannen nach dem Fr\u00fchst\u00fcck das nach den 3 Tagen doch ziemlich verw\u00fcstete Fort aufzur\u00e4umen, zu putzen und ihre sieben Sachen zu packen. Gegen 12:30 ging es dann mit Bollerwagen im Takt zu Sean Kingstons &#8222;Shawtys like a melody in my head&#8220; -was wir uns bei unserem Aktionsradio&nbsp; SWR 3 -und was uns bei unserem Grillfest besuchen sollte, zur Friedrichsau. Dort angekommen &#8222;machten wir uns breit&#8220; und trafen zum Einen auf Stefan, der unseren Flyer bekommen hatte und auf sich ein leckeres Steak freute, zum Anderen auf die angek\u00fcndigte Reporterin von SWR 3. Sara packte ihren Laptop aus, bereitete ihr Mikrofon vor und fing erste O-T\u00f6ne ein, w\u00e4hrend Claudius und Stefan sich am Grill abwechselten.<br \/>\nNach und nach gesellten sich auch Birgit vom Ko(ordinerungs)-Kreis des BDKJ Jugendreferats Ulm, Tommy, Andy von unserem Stamm oder die &#8222;Rolli-Scouts&#8220;, die standesgem\u00e4\u00df in Rollst\u00fchlen angerollt kamen, dazu. Diese hatten ihr Projekt, die Erstellung einer Rollstuhlkarte f\u00fcr die Ulmer Innenstadt, ebenfalls erfolgreich abgeschlossen. Bevor diese jedoch ver\u00f6ffentlicht werden darf, muss die Stadt Ulm ihr okay geben. Schlie\u00dflich soll alles ja stimmen.<\/p>\n<p><a class=\"ngg-fancybox\" title=\" \" href=\"https:\/\/www.dpsg-ulm.de\/wordpress\/wp-content\/gallery\/72-stunden-2019\/IMG_2626.JPG\" target=\"_blank\" rel=\"noopener noreferrer\" data-image-id=\"409\" data-src=\"https:\/\/www.dpsg-ulm.de\/wordpress\/wp-content\/gallery\/72-stunden-2019\/IMG_2626.JPG\" data-thumbnail=\"https:\/\/www.dpsg-ulm.de\/wordpress\/wp-content\/gallery\/72-stunden-2019\/thumbs\/thumbs_IMG_2626.JPG\" data-title=\"IMG_2626\" data-description=\" \"><img loading=\"lazy\" decoding=\"async\" class=\"ngg-singlepic ngg-none alignnone\" src=\"https:\/\/www.dpsg-ulm.de\/wordpress\/wp-content\/gallery\/72-stunden-2019\/thumbs\/thumbs_IMG_2626.JPG\" alt=\"IMG_2626\" width=\"240\" height=\"160\"><\/a><a class=\"ngg-fancybox\" title=\" \" href=\"https:\/\/www.dpsg-ulm.de\/wordpress\/wp-content\/gallery\/72-stunden-2019\/IMG_2630.JPG\" target=\"_blank\" rel=\"noopener noreferrer\" data-image-id=\"410\" data-src=\"https:\/\/www.dpsg-ulm.de\/wordpress\/wp-content\/gallery\/72-stunden-2019\/IMG_2630.JPG\" data-thumbnail=\"https:\/\/www.dpsg-ulm.de\/wordpress\/wp-content\/gallery\/72-stunden-2019\/thumbs\/thumbs_IMG_2630.JPG\" data-title=\"IMG_2630\" data-description=\" \"><img loading=\"lazy\" decoding=\"async\" class=\"ngg-singlepic ngg-none alignnone\" src=\"https:\/\/www.dpsg-ulm.de\/wordpress\/wp-content\/gallery\/72-stunden-2019\/thumbs\/thumbs_IMG_2630.JPG\" alt=\"IMG_2630\" width=\"240\" height=\"160\"><\/a><\/p>\n<p>Um 15:15 Uhr war es dann soweit: Der Beitrag von Sara lief im Programm von SWR3! Der Trupp lauschte wie einige Millionen H\u00f6rer gespannt vom Webradio.<\/p>\n<audio class=\"wp-audio-shortcode\" id=\"audio-3433-1\" preload=\"none\" style=\"width: 100%;\" controls=\"controls\"><source type=\"audio\/mpeg\" src=\"http:\/\/www.dpsg-ulm.de\/wordpress\/wp-content\/uploads\/2019\/06\/Radiobeitrag-SwR-3.mp3?_=1\" \/><a href=\"http:\/\/www.dpsg-ulm.de\/wordpress\/wp-content\/uploads\/2019\/06\/Radiobeitrag-SwR-3.mp3\">http:\/\/www.dpsg-ulm.de\/wordpress\/wp-content\/uploads\/2019\/06\/Radiobeitrag-SwR-3.mp3<\/a><\/audio>\n<p>Anschlie\u00dfend brach spontaner Jubel aus und wir umarmten uns gegenseitig. Die 72-Stunden Aufgabe war gemeistet, JIPPPPIIIIIIIII! Und da sagt noch einer, die Jugend von heute w\u00e4re desinteressiert und h\u00e4tte &#8222;Null-Bock&#8220;<\/p>\n<p><a class=\"ngg-fancybox\" title=\" \" href=\"https:\/\/www.dpsg-ulm.de\/wordpress\/wp-content\/gallery\/72-stunden-2019\/IMG_2640.JPG\" target=\"_blank\" rel=\"noopener noreferrer\" data-image-id=\"413\" data-src=\"https:\/\/www.dpsg-ulm.de\/wordpress\/wp-content\/gallery\/72-stunden-2019\/IMG_2640.JPG\" data-thumbnail=\"https:\/\/www.dpsg-ulm.de\/wordpress\/wp-content\/gallery\/72-stunden-2019\/thumbs\/thumbs_IMG_2640.JPG\" data-title=\"IMG_2640\" data-description=\" \"><img loading=\"lazy\" decoding=\"async\" class=\"ngg-singlepic ngg-none alignnone\" src=\"https:\/\/www.dpsg-ulm.de\/wordpress\/wp-content\/gallery\/72-stunden-2019\/thumbs\/thumbs_IMG_2640.JPG\" alt=\"IMG_2640\" width=\"240\" height=\"160\"><\/a><a class=\"ngg-fancybox\" title=\" \" href=\"https:\/\/www.dpsg-ulm.de\/wordpress\/wp-content\/gallery\/72-stunden-2019\/IMG_2641.JPG\" target=\"_blank\" rel=\"noopener noreferrer\" data-image-id=\"414\" data-src=\"https:\/\/www.dpsg-ulm.de\/wordpress\/wp-content\/gallery\/72-stunden-2019\/IMG_2641.JPG\" data-thumbnail=\"https:\/\/www.dpsg-ulm.de\/wordpress\/wp-content\/gallery\/72-stunden-2019\/thumbs\/thumbs_IMG_2641.JPG\" data-title=\"IMG_2641\" data-description=\" \"><img loading=\"lazy\" decoding=\"async\" class=\"ngg-singlepic ngg-none alignnone\" src=\"https:\/\/www.dpsg-ulm.de\/wordpress\/wp-content\/gallery\/72-stunden-2019\/thumbs\/thumbs_IMG_2641.JPG\" alt=\"IMG_2641\" width=\"240\" height=\"160\"><\/a><\/p>\n<p>So, das war der 72-Stunden Blog. Ich hoffe, er war kurzweilig und hat den ein oder anderen unterhaltsamen Moment gehabt. Kritik kann entweder \u00fcber die Kommentare oder direkt an mich unter presse-oeffentlichkeitsarbeit_nospam@dpsg-ulm.de (Bitte _nospam entfernen, dient der Spam-Abwehr!) gerichtet werden.<\/p>\n<p>Mit herzlichem Dank und Gut Pfad,<\/p>\n<p>Christian<br \/>\n(Jupfi-Leiter und Vorstand f\u00fcr \u00d6ffentliichkeitsarbeit)<\/p>\n","protected":false},"excerpt":{"rendered":"<p>Endlich! Der Tag der Wahrheit war gekommen! Gespannt standen die Jungpfadfinder auf und begannen nach dem Fr\u00fchst\u00fcck das nach den 3 Tagen doch ziemlich verw\u00fcstete Fort aufzur\u00e4umen, zu putzen und ihre sieben Sachen zu packen. Gegen 12:30 ging es dann mit Bollerwagen im Takt zu Sean Kingstons &#8222;Shawtys like a melody in my head&#8220; -was&#8230;<\/p>\n","protected":false},"author":3,"featured_media":0,"comment_status":"open","ping_status":"open","sticky":false,"template":"","format":"standard","meta":{"ngg_post_thumbnail":0,"footnotes":""},"categories":[20],"tags":[],"class_list":["post-3433","post","type-post","status-publish","format-standard","hentry","category-72-stunden-blog"],"_links":{"self":[{"href":"https:\/\/www.dpsg-ulm.de\/wordpress\/wp-json\/wp\/v2\/posts\/3433","targetHints":{"allow":["GET"]}}],"collection":[{"href":"https:\/\/www.dpsg-ulm.de\/wordpress\/wp-json\/wp\/v2\/posts"}],"about":[{"href":"https:\/\/www.dpsg-ulm.de\/wordpress\/wp-json\/wp\/v2\/types\/post"}],"author":[{"embeddable":true,"href":"https:\/\/www.dpsg-ulm.de\/wordpress\/wp-json\/wp\/v2\/users\/3"}],"replies":[{"embeddable":true,"href":"https:\/\/www.dpsg-ulm.de\/wordpress\/wp-json\/wp\/v2\/comments?post=3433"}],"version-history":[{"count":6,"href":"https:\/\/www.dpsg-ulm.de\/wordpress\/wp-json\/wp\/v2\/posts\/3433\/revisions"}],"predecessor-version":[{"id":3501,"href":"https:\/\/www.dpsg-ulm.de\/wordpress\/wp-json\/wp\/v2\/posts\/3433\/revisions\/3501"}],"wp:attachment":[{"href":"https:\/\/www.dpsg-ulm.de\/wordpress\/wp-json\/wp\/v2\/media?parent=3433"}],"wp:term":[{"taxonomy":"category","embeddable":true,"href":"https:\/\/www.dpsg-ulm.de\/wordpress\/wp-json\/wp\/v2\/categories?post=3433"},{"taxonomy":"post_tag","embeddable":true,"href":"https:\/\/www.dpsg-ulm.de\/wordpress\/wp-json\/wp\/v2\/tags?post=3433"}],"curies":[{"name":"wp","href":"https:\/\/api.w.org\/{rel}","templated":true}]}}