{"id":3413,"date":"2019-06-02T03:43:41","date_gmt":"2019-06-02T01:43:41","guid":{"rendered":"http:\/\/www.dpsg-ulm.de\/wordpress\/?p=3413"},"modified":"2019-06-25T08:03:04","modified_gmt":"2019-06-25T06:03:04","slug":"spenden-regen-und-andere-herausforderungen","status":"publish","type":"post","link":"https:\/\/www.dpsg-ulm.de\/wordpress\/2019\/06\/02\/spenden-regen-und-andere-herausforderungen\/","title":{"rendered":"Spenden, Regen und andere Herausforderungen"},"content":{"rendered":"<p>Liebe Blogleser,<\/p>\n<p>ich gebe zu, dass ich es nicht geschafft habe, tagesaktuell zu bleiben &#8211; und keinen \u00e4rgert das mehr als mich!<\/p>\n<p>Trotzdem gebe ich euch noch -im Nachgang-die fehlenden Berichte von Samstag und Sonntag.<\/p>\n<p>Am Samstag galt es dann endlich, f\u00fcr unser Grillfest die finanziellen Mittel zu akquirieren und die \u00d6ffentlichkeit auf unsere &#8222;Jupfis gegen Hunger&#8220;-Aktion aufmerksam zu machen. P\u00fcnktlich um 12:00 Uhr schw\u00e4rmten wir mit unseren selbst gestalteten Einkaufstaschen, Flyern und Spendenb\u00fcchsen vom Fort Albeck aus und sammelten uns schlie\u00dflich am Hans-und Sophie-Scholl-Platz vor dem Rathaus Ulm. Ein wenig wie die Scholl-Geschwister d\u00fcrften sich die Jupfis auch gef\u00fchlt haben &#8211; gemeinsam k\u00e4mpfen f\u00fcr eine gute Sache!<\/p>\n<p><a class=\"ngg-fancybox\" title=\" \" href=\"https:\/\/www.dpsg-ulm.de\/wordpress\/wp-content\/gallery\/72-stunden-2019\/IMG_7405.JPG\" target=\"_blank\" rel=\"noopener noreferrer\" data-image-id=\"391\" data-src=\"https:\/\/www.dpsg-ulm.de\/wordpress\/wp-content\/gallery\/72-stunden-2019\/IMG_7405.JPG\" data-thumbnail=\"https:\/\/www.dpsg-ulm.de\/wordpress\/wp-content\/gallery\/72-stunden-2019\/thumbs\/thumbs_IMG_7405.JPG\" data-title=\"IMG_7405\" data-description=\" \"><img loading=\"lazy\" decoding=\"async\" class=\"ngg-singlepic ngg-none alignnone\" src=\"https:\/\/www.dpsg-ulm.de\/wordpress\/wp-content\/gallery\/72-stunden-2019\/thumbs\/thumbs_IMG_7405.JPG\" alt=\"IMG_7405\" width=\"240\" height=\"160\"><\/a><a class=\"ngg-fancybox\" title=\" \" href=\"https:\/\/www.dpsg-ulm.de\/wordpress\/wp-content\/gallery\/72-stunden-2019\/IMG_7408.JPG\" target=\"_blank\" rel=\"noopener noreferrer\" data-image-id=\"392\" data-src=\"https:\/\/www.dpsg-ulm.de\/wordpress\/wp-content\/gallery\/72-stunden-2019\/IMG_7408.JPG\" data-thumbnail=\"https:\/\/www.dpsg-ulm.de\/wordpress\/wp-content\/gallery\/72-stunden-2019\/thumbs\/thumbs_IMG_7408.JPG\" data-title=\"IMG_7408\" data-description=\" \"><img loading=\"lazy\" decoding=\"async\" class=\"ngg-singlepic ngg-none alignnone\" src=\"https:\/\/www.dpsg-ulm.de\/wordpress\/wp-content\/gallery\/72-stunden-2019\/thumbs\/thumbs_IMG_7408.JPG\" alt=\"IMG_7408\" width=\"240\" height=\"160\"><\/a><\/p>\n<p>In drei Gruppen mit je 1 Leiter zogen wir los. Dabei erlebten die Akteure Situationen, die einige \u00dcberraschungen bereithielten. Beispielsweise wie offen manche Menschen, die als Touristen durch Ulm streiften, uns gegen\u00fcber waren und den Geldbeutel \u00f6ffneten. Den gr\u00f6\u00dften Erfolg verbuchte meine Gruppe, denn Johannes stellte sich frech an die Wahlst\u00e4nde der f\u00fcr die Europawahl werbenden Parteien und blies zum Gegenangriff. Gegen 13:00 Uhr sammelten wir uns erneut am Hans-und Sophie-Scholl-Platz. Wie mit dem heiligen Petrus abgesprochen, fing es just an zu regnen. Zeit war genug, uns in die Schalterhalle einer Bank unterzustellen. Claudius hatte nach einem kurzen Blick in Google schlechte Nachrichten: &#8222;Der Regen h\u00e4lt bis heute Abend aus&#8220; seufzte er und schaute und viele entt\u00e4uschte Jupfi-Gesichter. Wir entschieden also vorerst den R\u00fcckzug ins Fort anzutreten, um unsere nassen Jacken zu trocknen und unser bis dahin eingenommenes Geld zu z\u00e4hlen und sichern.<\/p>\n<p>In der &#8222;Homebase&#8220; angekommen, leerten Carla, Christian und Johannes die B\u00fcchsen auf den K\u00fcchentisch und ordneten M\u00fcnzen und sogar Scheine. Ein bombastisches Ergebnis von 171,48 \u20ac stand am Ende fest. &#8222;Das reicht f\u00fcr 2 Grillfeste&#8220; bemerkte Malik.<\/p>\n<p><a class=\"ngg-fancybox\" title=\" \" href=\"https:\/\/www.dpsg-ulm.de\/wordpress\/wp-content\/gallery\/72-stunden-2019\/IMG_7444.JPG\" target=\"_blank\" rel=\"noopener noreferrer\" data-image-id=\"393\" data-src=\"https:\/\/www.dpsg-ulm.de\/wordpress\/wp-content\/gallery\/72-stunden-2019\/IMG_7444.JPG\" data-thumbnail=\"https:\/\/www.dpsg-ulm.de\/wordpress\/wp-content\/gallery\/72-stunden-2019\/thumbs\/thumbs_IMG_7444.JPG\" data-title=\"IMG_7444\" data-description=\" \"><img loading=\"lazy\" decoding=\"async\" class=\"ngg-singlepic ngg-none alignnone\" src=\"https:\/\/www.dpsg-ulm.de\/wordpress\/wp-content\/gallery\/72-stunden-2019\/thumbs\/thumbs_IMG_7444.JPG\" alt=\"IMG_7444\" width=\"240\" height=\"160\"><\/a><a class=\"ngg-fancybox\" title=\" \" href=\"https:\/\/www.dpsg-ulm.de\/wordpress\/wp-content\/gallery\/72-stunden-2019\/IMG_7447.JPG\" target=\"_blank\" rel=\"noopener noreferrer\" data-image-id=\"394\" data-src=\"https:\/\/www.dpsg-ulm.de\/wordpress\/wp-content\/gallery\/72-stunden-2019\/IMG_7447.JPG\" data-thumbnail=\"https:\/\/www.dpsg-ulm.de\/wordpress\/wp-content\/gallery\/72-stunden-2019\/thumbs\/thumbs_IMG_7447.JPG\" data-title=\"IMG_7447\" data-description=\" \"><img loading=\"lazy\" decoding=\"async\" class=\"ngg-singlepic ngg-none alignnone\" src=\"https:\/\/www.dpsg-ulm.de\/wordpress\/wp-content\/gallery\/72-stunden-2019\/thumbs\/thumbs_IMG_7447.JPG\" alt=\"IMG_7447\" width=\"240\" height=\"160\"><\/a><\/p>\n<p>Trotzdem entschlossen einige Jupfis, nochmals auf eigene Faust loszuziehen und Flyer f\u00fcr das Grillfest zu verteilen. Schlie\u00dflich sind G\u00e4ste bei solch einem Vorhaben das wichtigste &#8211; und so zogen Claudius und Johannes, Silas, Jasmin zu den Pl\u00e4tzen in Ulm, an denen einige wohnungslose Menschen &#8222;hausen&#8220; um sie einzuladen. W\u00e4hrend die 4 ihre letzte Kraft zusammen nahmen, gingen Jule sowie Christian und Carla Grillgut, Salat und Brot von den eingenommenen Spenden einkaufen. Ich blieb bei Malik und Benjamin; wir drei waren vom Mittag sehr mitgenommen.<\/p>\n<p><a class=\"ngg-fancybox\" title=\" \" href=\"https:\/\/www.dpsg-ulm.de\/wordpress\/wp-content\/gallery\/72-stunden-2019\/IMG-20190525-WA0009.jpg\" target=\"_blank\" rel=\"noopener noreferrer\" data-image-id=\"372\" data-src=\"https:\/\/www.dpsg-ulm.de\/wordpress\/wp-content\/gallery\/72-stunden-2019\/IMG-20190525-WA0009.jpg\" data-thumbnail=\"https:\/\/www.dpsg-ulm.de\/wordpress\/wp-content\/gallery\/72-stunden-2019\/thumbs\/thumbs_IMG-20190525-WA0009.jpg\" data-title=\"IMG-20190525-WA0009\" data-description=\" \"><img loading=\"lazy\" decoding=\"async\" class=\"ngg-singlepic ngg-none alignnone\" src=\"https:\/\/www.dpsg-ulm.de\/wordpress\/wp-content\/gallery\/72-stunden-2019\/thumbs\/thumbs_IMG-20190525-WA0009.jpg\" alt=\"IMG-20190525-WA0009\" width=\"240\" height=\"160\"><\/a><\/p>\n<p>P\u00fcnktlich zum Abendessen, dass diesmal die Pfadistufe zubereitete, trudelten die beiden anderen Gruppen wieder ein. Bei Nudeln mit Tomatensauce lie\u00df dann Jupfi-Christian die Katze aus dem Sack: &#8222;Morgen kommt eine Reporterin unseres Aktionsradio SWR 3 zu uns!&#8220; Sofort nahmen alle eine Erwartungshaltung ein. Gespannt, aber ersch\u00f6pft, fielen die Kobis in ihre Betten und schlummerten dem alles entscheidenden Tag entgegen&#8230;<\/p>\n<p>&nbsp;<\/p>\n","protected":false},"excerpt":{"rendered":"<p>Liebe Blogleser, ich gebe zu, dass ich es nicht geschafft habe, tagesaktuell zu bleiben &#8211; und keinen \u00e4rgert das mehr als mich! Trotzdem gebe ich euch noch -im Nachgang-die fehlenden Berichte von Samstag und Sonntag. Am Samstag galt es dann endlich, f\u00fcr unser Grillfest die finanziellen Mittel zu akquirieren und die \u00d6ffentlichkeit auf unsere &#8222;Jupfis&#8230;<\/p>\n","protected":false},"author":3,"featured_media":0,"comment_status":"open","ping_status":"open","sticky":false,"template":"","format":"standard","meta":{"ngg_post_thumbnail":0,"footnotes":""},"categories":[20],"tags":[],"class_list":["post-3413","post","type-post","status-publish","format-standard","hentry","category-72-stunden-blog"],"_links":{"self":[{"href":"https:\/\/www.dpsg-ulm.de\/wordpress\/wp-json\/wp\/v2\/posts\/3413","targetHints":{"allow":["GET"]}}],"collection":[{"href":"https:\/\/www.dpsg-ulm.de\/wordpress\/wp-json\/wp\/v2\/posts"}],"about":[{"href":"https:\/\/www.dpsg-ulm.de\/wordpress\/wp-json\/wp\/v2\/types\/post"}],"author":[{"embeddable":true,"href":"https:\/\/www.dpsg-ulm.de\/wordpress\/wp-json\/wp\/v2\/users\/3"}],"replies":[{"embeddable":true,"href":"https:\/\/www.dpsg-ulm.de\/wordpress\/wp-json\/wp\/v2\/comments?post=3413"}],"version-history":[{"count":3,"href":"https:\/\/www.dpsg-ulm.de\/wordpress\/wp-json\/wp\/v2\/posts\/3413\/revisions"}],"predecessor-version":[{"id":3503,"href":"https:\/\/www.dpsg-ulm.de\/wordpress\/wp-json\/wp\/v2\/posts\/3413\/revisions\/3503"}],"wp:attachment":[{"href":"https:\/\/www.dpsg-ulm.de\/wordpress\/wp-json\/wp\/v2\/media?parent=3413"}],"wp:term":[{"taxonomy":"category","embeddable":true,"href":"https:\/\/www.dpsg-ulm.de\/wordpress\/wp-json\/wp\/v2\/categories?post=3413"},{"taxonomy":"post_tag","embeddable":true,"href":"https:\/\/www.dpsg-ulm.de\/wordpress\/wp-json\/wp\/v2\/tags?post=3413"}],"curies":[{"name":"wp","href":"https:\/\/api.w.org\/{rel}","templated":true}]}}