{"id":3410,"date":"2019-05-25T08:16:02","date_gmt":"2019-05-25T06:16:02","guid":{"rendered":"http:\/\/www.dpsg-ulm.de\/wordpress\/?p=3410"},"modified":"2019-06-25T08:18:16","modified_gmt":"2019-06-25T06:18:16","slug":"lasst-die-sp-verzeihung-arbeit-beginnen","status":"publish","type":"post","link":"https:\/\/www.dpsg-ulm.de\/wordpress\/2019\/05\/25\/lasst-die-sp-verzeihung-arbeit-beginnen\/","title":{"rendered":"Lasst die Sp&#8230;.verzeihung&#8230;Arbeit beginnen"},"content":{"rendered":"<p>Guten Morgen ihr da drau\u00dfen,<\/p>\n<p>ich verlege meine t\u00e4glichen Berichte inzwischen immer auf morgens, da ich bis abends in unserem Fort Albeck besch\u00e4ftigt bin. Bereits nach einem Tag gleichen die R\u00e4ume einem Schlachtfeld; Matratzen, Schlafs\u00e4cke, gespickt von roten oder schwarzen Str\u00fcmpfen liegen auf dem Boden verstreut. Das gibt eine Aufr\u00e4um-in der 72-Stunden-Aktion, die sich gewaschen hat&#8230;<\/p>\n<p>Die Rolliscouts brachen bereits fr\u00fchmorgens auf um mit ihren Rollis die Stadt zu erkunden und erlebten dabei einige interessante Reaktion der Leute -besonders wenn jemand entnervt aufstand um sein Fahrzeug \u00fcber eine st\u00f6rende Schwelle zu schieben. Nachdem einem Restaurantbesitzer die Aussicht auf Erw\u00e4hnung in der Karte schmackhaft -im doppelten Sinne-gemacht wurde, bekam die ausgehungerte Gruppe von &#8222;Teilzeit-Behinderten&#8220; (Ich als tats\u00e4chlicher Rollifahrer darf solche Umschschreibungen gefahrlos verwenden \ud83d\ude42 ) eine warme Mahlzeit.<\/p>\n<p><a class=\"ngg-fancybox\" title=\" \" href=\"https:\/\/www.dpsg-ulm.de\/wordpress\/wp-content\/gallery\/72-stunden-2019\/IMG_7457.JPG\" target=\"_blank\" rel=\"noopener noreferrer\" data-image-id=\"397\" data-src=\"https:\/\/www.dpsg-ulm.de\/wordpress\/wp-content\/gallery\/72-stunden-2019\/IMG_7457.JPG\" data-thumbnail=\"https:\/\/www.dpsg-ulm.de\/wordpress\/wp-content\/gallery\/72-stunden-2019\/thumbs\/thumbs_IMG_7457.JPG\" data-title=\"IMG_7457\" data-description=\" \"><img loading=\"lazy\" decoding=\"async\" class=\"ngg-singlepic ngg-none alignnone\" src=\"https:\/\/www.dpsg-ulm.de\/wordpress\/wp-content\/gallery\/72-stunden-2019\/thumbs\/thumbs_IMG_7457.JPG\" alt=\"IMG_7457\" width=\"240\" height=\"160\"><\/a><a class=\"ngg-fancybox\" title=\" \" href=\"https:\/\/www.dpsg-ulm.de\/wordpress\/wp-content\/gallery\/72-stunden-2019\/IMG_7467.JPG\" target=\"_blank\" rel=\"noopener noreferrer\" data-image-id=\"399\" data-src=\"https:\/\/www.dpsg-ulm.de\/wordpress\/wp-content\/gallery\/72-stunden-2019\/IMG_7467.JPG\" data-thumbnail=\"https:\/\/www.dpsg-ulm.de\/wordpress\/wp-content\/gallery\/72-stunden-2019\/thumbs\/thumbs_IMG_7467.JPG\" data-title=\"IMG_7467\" data-description=\" \"><img loading=\"lazy\" decoding=\"async\" class=\"ngg-singlepic ngg-none alignnone\" src=\"https:\/\/www.dpsg-ulm.de\/wordpress\/wp-content\/gallery\/72-stunden-2019\/thumbs\/thumbs_IMG_7467.JPG\" alt=\"IMG_7467\" width=\"240\" height=\"160\"><\/a><a class=\"ngg-fancybox\" title=\" \" href=\"https:\/\/www.dpsg-ulm.de\/wordpress\/wp-content\/gallery\/72-stunden-2019\/IMG_7473.JPG\" target=\"_blank\" rel=\"noopener noreferrer\" data-image-id=\"406\" data-src=\"https:\/\/www.dpsg-ulm.de\/wordpress\/wp-content\/gallery\/72-stunden-2019\/IMG_7473.JPG\" data-thumbnail=\"https:\/\/www.dpsg-ulm.de\/wordpress\/wp-content\/gallery\/72-stunden-2019\/thumbs\/thumbs_IMG_7473.JPG\" data-title=\"IMG_7473\" data-description=\" \"><img loading=\"lazy\" decoding=\"async\" class=\"ngg-singlepic ngg-none alignnone\" src=\"https:\/\/www.dpsg-ulm.de\/wordpress\/wp-content\/gallery\/72-stunden-2019\/thumbs\/thumbs_IMG_7473.JPG\" alt=\"IMG_7473\" width=\"240\" height=\"160\"><\/a><\/p>\n<p>Aproppos Mahlzeit:<\/p>\n<p>Die Jupfis fuhren bei ihrer&nbsp; Aktion mit schweren Gesch\u00fctzen auf: Im Hof des Forts wurden die Stoffbeutel ausgebreitet, die heute gegen Spende in der Stadt-abgegeben werden. Einmalhandschuhe und -sch\u00fcrzen wurden angezogen, und mit Spraydosen die Textelien versch\u00f6nert. Da ein paar Jupfis erst mittags aus der Schule dazustie\u00dfen, wurde die Arbeit kurzerhand zu Gunsten einer Wasserschlacht eingestellt-denn Sauberkeit ist auch bei einer solchen Aktion wichtig. \ud83d\ude42 Wer die Dusche \u00fcber sich ergehen lie\u00df, auf den wartete eine frische selbstgebackene Pizza. Am Nachmittag wurde die Spr\u00fcharbeit dann fortgesetzt.<\/p>\n<p>Der Abend stand ganz im Zeichen der letzten Vorbereitung auf die heutige Arbeit in der Stadt. Letzte Vorbereitungen wurden getroffen, Plakate geschrieben, Flyer entworfen und besprochen wie wir auf die Aktion aufmerksam machen wollen. Au\u00dferdem erhielten wir durch unseren Di\u00f6zesanvorstand Sven hohen Besuch. Sven informierte sich \u00fcber beide Projekte, dankte allen und \u00fcbergab uns als Erinnerung Aufn\u00e4her f\u00fcr unsere Kluften.<\/p>\n<p>So, ihr lieben &#8211; ich muss wieder los, meine Kobis warten \ud83d\ude42 Bis morgen!<\/p>\n<p><a class=\"ngg-fancybox\" title=\" \" href=\"https:\/\/www.dpsg-ulm.de\/wordpress\/wp-content\/gallery\/72-stunden-2019\/WhatsApp-Image-2019-05-24-at-18.51.42.jpeg\" rel=\"\" data-image-id=\"357\" data-src=\"https:\/\/www.dpsg-ulm.de\/wordpress\/wp-content\/gallery\/72-stunden-2019\/WhatsApp-Image-2019-05-24-at-18.51.42.jpeg\" data-thumbnail=\"https:\/\/www.dpsg-ulm.de\/wordpress\/wp-content\/gallery\/72-stunden-2019\/thumbs\/thumbs_WhatsApp-Image-2019-05-24-at-18.51.42.jpeg\" data-title=\"WhatsApp-Image-2019-05-24-at-18.51.42\" data-description=\" \"><img decoding=\"async\" class=\"ngg-singlepic ngg-none\" src=\"https:\/\/www.dpsg-ulm.de\/wordpress\/wp-content\/gallery\/72-stunden-2019\/thumbs\/thumbs_WhatsApp-Image-2019-05-24-at-18.51.42.jpeg\" alt=\"WhatsApp-Image-2019-05-24-at-18.51.42\"><\/a><a class=\"ngg-fancybox\" title=\" \" href=\"https:\/\/www.dpsg-ulm.de\/wordpress\/wp-content\/gallery\/72-stunden-2019\/WhatsApp-Image-2019-05-24-at-11.51.09.jpeg\" rel=\"\" data-image-id=\"358\" data-src=\"https:\/\/www.dpsg-ulm.de\/wordpress\/wp-content\/gallery\/72-stunden-2019\/WhatsApp-Image-2019-05-24-at-11.51.09.jpeg\" data-thumbnail=\"https:\/\/www.dpsg-ulm.de\/wordpress\/wp-content\/gallery\/72-stunden-2019\/thumbs\/thumbs_WhatsApp-Image-2019-05-24-at-11.51.09.jpeg\" data-title=\"WhatsApp-Image-2019-05-24-at-11.51.09\" data-description=\" \"><img decoding=\"async\" class=\"ngg-singlepic ngg-none\" src=\"https:\/\/www.dpsg-ulm.de\/wordpress\/wp-content\/gallery\/72-stunden-2019\/thumbs\/thumbs_WhatsApp-Image-2019-05-24-at-11.51.09.jpeg\" alt=\"WhatsApp-Image-2019-05-24-at-11.51.09\"><\/a><\/p>\n","protected":false},"excerpt":{"rendered":"<p>Guten Morgen ihr da drau\u00dfen, ich verlege meine t\u00e4glichen Berichte inzwischen immer auf morgens, da ich bis abends in unserem Fort Albeck besch\u00e4ftigt bin. Bereits nach einem Tag gleichen die R\u00e4ume einem Schlachtfeld; Matratzen, Schlafs\u00e4cke, gespickt von roten oder schwarzen Str\u00fcmpfen liegen auf dem Boden verstreut. Das gibt eine Aufr\u00e4um-in der 72-Stunden-Aktion, die sich gewaschen&#8230;<\/p>\n","protected":false},"author":3,"featured_media":0,"comment_status":"open","ping_status":"open","sticky":false,"template":"","format":"standard","meta":{"ngg_post_thumbnail":0,"footnotes":""},"categories":[20],"tags":[],"class_list":["post-3410","post","type-post","status-publish","format-standard","hentry","category-72-stunden-blog"],"_links":{"self":[{"href":"https:\/\/www.dpsg-ulm.de\/wordpress\/wp-json\/wp\/v2\/posts\/3410","targetHints":{"allow":["GET"]}}],"collection":[{"href":"https:\/\/www.dpsg-ulm.de\/wordpress\/wp-json\/wp\/v2\/posts"}],"about":[{"href":"https:\/\/www.dpsg-ulm.de\/wordpress\/wp-json\/wp\/v2\/types\/post"}],"author":[{"embeddable":true,"href":"https:\/\/www.dpsg-ulm.de\/wordpress\/wp-json\/wp\/v2\/users\/3"}],"replies":[{"embeddable":true,"href":"https:\/\/www.dpsg-ulm.de\/wordpress\/wp-json\/wp\/v2\/comments?post=3410"}],"version-history":[{"count":3,"href":"https:\/\/www.dpsg-ulm.de\/wordpress\/wp-json\/wp\/v2\/posts\/3410\/revisions"}],"predecessor-version":[{"id":3505,"href":"https:\/\/www.dpsg-ulm.de\/wordpress\/wp-json\/wp\/v2\/posts\/3410\/revisions\/3505"}],"wp:attachment":[{"href":"https:\/\/www.dpsg-ulm.de\/wordpress\/wp-json\/wp\/v2\/media?parent=3410"}],"wp:term":[{"taxonomy":"category","embeddable":true,"href":"https:\/\/www.dpsg-ulm.de\/wordpress\/wp-json\/wp\/v2\/categories?post=3410"},{"taxonomy":"post_tag","embeddable":true,"href":"https:\/\/www.dpsg-ulm.de\/wordpress\/wp-json\/wp\/v2\/tags?post=3410"}],"curies":[{"name":"wp","href":"https:\/\/api.w.org\/{rel}","templated":true}]}}