{"id":3396,"date":"2019-05-24T09:28:03","date_gmt":"2019-05-24T07:28:03","guid":{"rendered":"http:\/\/www.dpsg-ulm.de\/wordpress\/?p=3396"},"modified":"2019-05-24T15:17:43","modified_gmt":"2019-05-24T13:17:43","slug":"ein-gelungener-auftakt","status":"publish","type":"post","link":"https:\/\/www.dpsg-ulm.de\/wordpress\/2019\/05\/24\/ein-gelungener-auftakt\/","title":{"rendered":"Ein gelungener Auftakt"},"content":{"rendered":"<p>Guten Morgen ihr lieben,<\/p>\n<p>ich war dann doch gestern zu m\u00fcde um hier zu bloggen. Hier also der Nachtrag f\u00fcr gestern:<\/p>\n<p>Mit leichter Versp\u00e4tung (es war 17:10 Uhr) startete die 72 Stunden-Aktion im Dekanat Ehingen-Ulm. Rund 300 Kinder und Jugendliche waren bei der Er\u00f6ffnung im Ulmer Xinedom dabei. Julia (Jugendreferentin des Jugendreferats) und Matti aus der Dekanatsleitung begr\u00fc\u00dften alle, dankten f\u00fcr das Kommen und gaben nach dem Countdown die Aktion frei. Am Ausgang bekamen unsere beiden Gruppen dann die beiden Umschl\u00e4ge, die die Aufgaben beinhalteten. Die Jupfis fuhren in unsere &#8222;Basis&#8220;; das Fort Albeck-w\u00e4hrend die Pfadfinderstufe f\u00fcr ihr Projekt einige Rollst\u00fchle vom Club K\u00f6rperbehinderte und ihre Freunde besorgten. Dabei machen sie erste Erfahrungen und kamen mit fast ausgekugelten Armen vom ungewohnten Fahren auch im Fort Albeck an.<\/p>\n<p>Gemeinsam wurde das Abendessen zubereitet. Die Jupfis-bereits ge\u00fcbt aus der Truppstunde-warfen den Grill an und zauberten einen leckeren Nudelsalat. Gest\u00e4rkt, aber m\u00fcde fiel man auf die Matratzen in schlief sehr bald ein.<\/p>\n<p>Mal sehen, was der heutige Tag bringt. An alle, die uns hier folgen empfehlen wir auch bei SWR3 gelegentlich reinzuh\u00f6ren &#8211; unser Aktionsradio begleitet uns noch bis Sonntag&#8230;<\/p>\n<p><a class=\"ngg-fancybox\" title=\" \" href=\"https:\/\/www.dpsg-ulm.de\/wordpress\/wp-content\/gallery\/72-stunden-2019\/20190523_165716.jpg\" rel=\"\" data-image-id=\"355\" data-src=\"https:\/\/www.dpsg-ulm.de\/wordpress\/wp-content\/gallery\/72-stunden-2019\/20190523_165716.jpg\" data-thumbnail=\"https:\/\/www.dpsg-ulm.de\/wordpress\/wp-content\/gallery\/72-stunden-2019\/thumbs\/thumbs_20190523_165716.jpg\" data-title=\"20190523_165716\" data-description=\" \"><img decoding=\"async\" class=\"ngg-singlepic ngg-none alignleft\" src=\"https:\/\/www.dpsg-ulm.de\/wordpress\/wp-content\/gallery\/72-stunden-2019\/thumbs\/thumbs_20190523_165716.jpg\" alt=\"20190523_165716\"><\/a><a class=\"ngg-fancybox\" title=\" \" href=\"https:\/\/www.dpsg-ulm.de\/wordpress\/wp-content\/gallery\/72-stunden-2019\/20190523_171051.jpg\" rel=\"\" data-image-id=\"356\" data-src=\"https:\/\/www.dpsg-ulm.de\/wordpress\/wp-content\/gallery\/72-stunden-2019\/20190523_171051.jpg\" data-thumbnail=\"https:\/\/www.dpsg-ulm.de\/wordpress\/wp-content\/gallery\/72-stunden-2019\/thumbs\/thumbs_20190523_171051.jpg\" data-title=\"20190523_171051\" data-description=\" \"><img decoding=\"async\" class=\"ngg-singlepic ngg-none alignleft\" src=\"https:\/\/www.dpsg-ulm.de\/wordpress\/wp-content\/gallery\/72-stunden-2019\/thumbs\/thumbs_20190523_171051.jpg\" alt=\"20190523_171051\"><\/a><a class=\"ngg-fancybox\" title=\" \" href=\"https:\/\/www.dpsg-ulm.de\/wordpress\/wp-content\/gallery\/72-stunden-2019\/20190523_200712.jpg\" rel=\"\" data-image-id=\"353\" data-src=\"https:\/\/www.dpsg-ulm.de\/wordpress\/wp-content\/gallery\/72-stunden-2019\/20190523_200712.jpg\" data-thumbnail=\"https:\/\/www.dpsg-ulm.de\/wordpress\/wp-content\/gallery\/72-stunden-2019\/thumbs\/thumbs_20190523_200712.jpg\" data-title=\"20190523_200712\" data-description=\" \"><img decoding=\"async\" class=\"ngg-singlepic ngg-none alignleft\" src=\"https:\/\/www.dpsg-ulm.de\/wordpress\/wp-content\/gallery\/72-stunden-2019\/thumbs\/thumbs_20190523_200712.jpg\" alt=\"20190523_200712\"><\/a><a class=\"ngg-fancybox\" title=\" \" href=\"https:\/\/www.dpsg-ulm.de\/wordpress\/wp-content\/gallery\/72-stunden-2019\/20190523_204319.jpg\" rel=\"\" data-image-id=\"354\" data-src=\"https:\/\/www.dpsg-ulm.de\/wordpress\/wp-content\/gallery\/72-stunden-2019\/20190523_204319.jpg\" data-thumbnail=\"https:\/\/www.dpsg-ulm.de\/wordpress\/wp-content\/gallery\/72-stunden-2019\/thumbs\/thumbs_20190523_204319.jpg\" data-title=\"20190523_204319\" data-description=\" \"><img decoding=\"async\" class=\"ngg-singlepic ngg-none alignleft\" src=\"https:\/\/www.dpsg-ulm.de\/wordpress\/wp-content\/gallery\/72-stunden-2019\/thumbs\/thumbs_20190523_204319.jpg\" alt=\"20190523_204319\"><\/a><\/p>\n","protected":false},"excerpt":{"rendered":"<p>Guten Morgen ihr lieben, ich war dann doch gestern zu m\u00fcde um hier zu bloggen. Hier also der Nachtrag f\u00fcr gestern: Mit leichter Versp\u00e4tung (es war 17:10 Uhr) startete die 72 Stunden-Aktion im Dekanat Ehingen-Ulm. Rund 300 Kinder und Jugendliche waren bei der Er\u00f6ffnung im Ulmer Xinedom dabei. Julia (Jugendreferentin des Jugendreferats) und Matti aus&#8230;<\/p>\n","protected":false},"author":3,"featured_media":0,"comment_status":"open","ping_status":"open","sticky":false,"template":"","format":"standard","meta":{"ngg_post_thumbnail":0,"footnotes":""},"categories":[20],"tags":[],"class_list":["post-3396","post","type-post","status-publish","format-standard","hentry","category-72-stunden-blog"],"_links":{"self":[{"href":"https:\/\/www.dpsg-ulm.de\/wordpress\/wp-json\/wp\/v2\/posts\/3396","targetHints":{"allow":["GET"]}}],"collection":[{"href":"https:\/\/www.dpsg-ulm.de\/wordpress\/wp-json\/wp\/v2\/posts"}],"about":[{"href":"https:\/\/www.dpsg-ulm.de\/wordpress\/wp-json\/wp\/v2\/types\/post"}],"author":[{"embeddable":true,"href":"https:\/\/www.dpsg-ulm.de\/wordpress\/wp-json\/wp\/v2\/users\/3"}],"replies":[{"embeddable":true,"href":"https:\/\/www.dpsg-ulm.de\/wordpress\/wp-json\/wp\/v2\/comments?post=3396"}],"version-history":[{"count":5,"href":"https:\/\/www.dpsg-ulm.de\/wordpress\/wp-json\/wp\/v2\/posts\/3396\/revisions"}],"predecessor-version":[{"id":3406,"href":"https:\/\/www.dpsg-ulm.de\/wordpress\/wp-json\/wp\/v2\/posts\/3396\/revisions\/3406"}],"wp:attachment":[{"href":"https:\/\/www.dpsg-ulm.de\/wordpress\/wp-json\/wp\/v2\/media?parent=3396"}],"wp:term":[{"taxonomy":"category","embeddable":true,"href":"https:\/\/www.dpsg-ulm.de\/wordpress\/wp-json\/wp\/v2\/categories?post=3396"},{"taxonomy":"post_tag","embeddable":true,"href":"https:\/\/www.dpsg-ulm.de\/wordpress\/wp-json\/wp\/v2\/tags?post=3396"}],"curies":[{"name":"wp","href":"https:\/\/api.w.org\/{rel}","templated":true}]}}